{"id":338,"date":"2013-05-29T18:16:29","date_gmt":"2013-05-29T16:16:29","guid":{"rendered":"http:\/\/www.verbund-frauenfacheinrichtungen-kiel.de\/?p=338"},"modified":"2013-05-29T18:16:29","modified_gmt":"2013-05-29T16:16:29","slug":"kiel-stadt-fur-frauen-kommunalpolitikerinnen-antworten","status":"publish","type":"post","link":"https:\/\/www.verbund-frauenfacheinrichtungen-kiel.de\/?p=338","title":{"rendered":"Kiel &#8211; Stadt f\u00fcr Frauen?! &#8211; KommunalpolitikerInnen antworten"},"content":{"rendered":"<p><a href=\"https:\/\/www.verbund-frauenfacheinrichtungen-kiel.de\/wp-content\/uploads\/2013\/05\/IMG_0951_small.jpg\"><img loading=\"lazy\" decoding=\"async\" src=\"https:\/\/www.verbund-frauenfacheinrichtungen-kiel.de\/wp-content\/uploads\/2013\/05\/IMG_0951_small.jpg\" alt=\"IMG_0951_small\" width=\"500\" height=\"374\" class=\"aligncenter size-full wp-image-339\" srcset=\"https:\/\/www.verbund-frauenfacheinrichtungen-kiel.de\/wp-content\/uploads\/2013\/05\/IMG_0951_small.jpg 500w, https:\/\/www.verbund-frauenfacheinrichtungen-kiel.de\/wp-content\/uploads\/2013\/05\/IMG_0951_small-300x224.jpg 300w\" sizes=\"auto, (max-width: 500px) 100vw, 500px\" \/><\/a><\/p>\n<p><b>Was tut die Politik f\u00fcr die Frauen?<br \/>\nWie gut l\u00e4sst es sich als Frau in Kiel leben?<br \/>\nWie weit ist der Ausbau der Kinderbetreuung in unserer Stadt vorangekommen?<br \/>\nWie steht es um die Gleichberechtigung?<br \/>\nWie kann die Stadt Kiel helfen, Wohnraum auf f\u00fcr finanziell schw\u00e4cher Gestellte zu sichern?<\/b><\/p>\n<p>Um diese und andere Fragen ging es in einer Podiumsdiskussion am 22. Mai im Caf\u00e9 Fleet, in der KommunalpolitikerInnen den B\u00fcrgerinnen und B\u00fcrgern Rede und Antwort standen. Moderiert wurde die Podiumsdiskussion von Claudia Langholz, die musikalische Begleitung durch den Abend erfolgte durch die Gruppe &#8222;Kvindfolk&#8220;. Folgende PolitikerInnen haben sich den an dem Abend den Fragen gestellt:<\/p>\n<p>Antje Danker (SSW)<br \/>\nIngrid Lietzow (SPD)<br \/>\nMichaela Pries (CDU)<br \/>\nLydia Rudow (Die Gr\u00fcnen)<br \/>\nSilke J\u00fcrgensen (SPD)<br \/>\nHeinz Wieser (Die Linke)<\/p>\n<p>Die Veranstaltung wurde vom Verbund der feministischen M\u00e4dchen- und Frauenfacheinrichtungen in Kooperation mit dem Frauenb\u00fcndnis organisiert.<\/p>\n","protected":false},"excerpt":{"rendered":"<p>Was tut die Politik f\u00fcr die Frauen? Wie gut l\u00e4sst es sich als Frau in Kiel leben? Wie weit ist der Ausbau der Kinderbetreuung in unserer Stadt vorangekommen? Wie steht es um die Gleichberechtigung? Wie kann die Stadt Kiel helfen, &hellip; <a href=\"https:\/\/www.verbund-frauenfacheinrichtungen-kiel.de\/?p=338\">Weiterlesen <span class=\"meta-nav\">&rarr;<\/span><\/a><\/p>\n","protected":false},"author":1,"featured_media":0,"comment_status":"closed","ping_status":"closed","sticky":false,"template":"","format":"standard","meta":{"footnotes":""},"categories":[1],"tags":[],"class_list":["post-338","post","type-post","status-publish","format-standard","hentry","category-allgemein"],"_links":{"self":[{"href":"https:\/\/www.verbund-frauenfacheinrichtungen-kiel.de\/index.php?rest_route=\/wp\/v2\/posts\/338","targetHints":{"allow":["GET"]}}],"collection":[{"href":"https:\/\/www.verbund-frauenfacheinrichtungen-kiel.de\/index.php?rest_route=\/wp\/v2\/posts"}],"about":[{"href":"https:\/\/www.verbund-frauenfacheinrichtungen-kiel.de\/index.php?rest_route=\/wp\/v2\/types\/post"}],"author":[{"embeddable":true,"href":"https:\/\/www.verbund-frauenfacheinrichtungen-kiel.de\/index.php?rest_route=\/wp\/v2\/users\/1"}],"replies":[{"embeddable":true,"href":"https:\/\/www.verbund-frauenfacheinrichtungen-kiel.de\/index.php?rest_route=%2Fwp%2Fv2%2Fcomments&post=338"}],"version-history":[{"count":3,"href":"https:\/\/www.verbund-frauenfacheinrichtungen-kiel.de\/index.php?rest_route=\/wp\/v2\/posts\/338\/revisions"}],"predecessor-version":[{"id":342,"href":"https:\/\/www.verbund-frauenfacheinrichtungen-kiel.de\/index.php?rest_route=\/wp\/v2\/posts\/338\/revisions\/342"}],"wp:attachment":[{"href":"https:\/\/www.verbund-frauenfacheinrichtungen-kiel.de\/index.php?rest_route=%2Fwp%2Fv2%2Fmedia&parent=338"}],"wp:term":[{"taxonomy":"category","embeddable":true,"href":"https:\/\/www.verbund-frauenfacheinrichtungen-kiel.de\/index.php?rest_route=%2Fwp%2Fv2%2Fcategories&post=338"},{"taxonomy":"post_tag","embeddable":true,"href":"https:\/\/www.verbund-frauenfacheinrichtungen-kiel.de\/index.php?rest_route=%2Fwp%2Fv2%2Ftags&post=338"}],"curies":[{"name":"wp","href":"https:\/\/api.w.org\/{rel}","templated":true}]}}