{"id":324,"date":"2013-02-26T13:43:32","date_gmt":"2013-02-26T13:43:32","guid":{"rendered":"http:\/\/www.verbund-frauenfacheinrichtungen-kiel.de\/?p=324"},"modified":"2013-02-26T13:47:37","modified_gmt":"2013-02-26T13:47:37","slug":"gute-seiten-schlechte-seiten-fotowettbewerb-fur-kieler-madchen","status":"publish","type":"post","link":"https:\/\/www.verbund-frauenfacheinrichtungen-kiel.de\/?p=324","title":{"rendered":"&#8222;Gute Seiten &#8211; Schlechte Seiten&#8220;: Fotowettbewerb f\u00fcr Kieler M\u00e4dchen"},"content":{"rendered":"<p><a href=\"https:\/\/www.verbund-frauenfacheinrichtungen-kiel.de\/wp-content\/uploads\/2013\/02\/FW-Flyerbild-farbig-kleiner1.jpg\"><img loading=\"lazy\" decoding=\"async\" class=\"alignleft size-medium wp-image-328\" src=\"https:\/\/www.verbund-frauenfacheinrichtungen-kiel.de\/wp-content\/uploads\/2013\/02\/FW-Flyerbild-farbig-kleiner1-215x300.jpg\" alt=\"\" width=\"215\" height=\"300\" srcset=\"https:\/\/www.verbund-frauenfacheinrichtungen-kiel.de\/wp-content\/uploads\/2013\/02\/FW-Flyerbild-farbig-kleiner1-215x300.jpg 215w, https:\/\/www.verbund-frauenfacheinrichtungen-kiel.de\/wp-content\/uploads\/2013\/02\/FW-Flyerbild-farbig-kleiner1.jpg 500w\" sizes=\"auto, (max-width: 215px) 100vw, 215px\" \/><\/a><\/p>\n<p>Der Alltag f\u00fcr M\u00e4dchen und Frauen in Kiel ist \u00e4hnlich freud- und leidvoll wie das Leben in einer beliebten Vorabendserie.<\/p>\n<p>\u201eGute Seiten \u2013 Schlechte Seiten\u201c lautet daher das Thema eines Fotowettbewerbs, den das M\u00e4dchenhaus Kiel vom 01.03. \u2013 30.04.2013 f\u00fcr Kieler M\u00e4dchen veranstaltet.<\/p>\n<p>M\u00e4dchen und junge Frauen bis zu einem Alter von 20 Jahren sind mit diesem Fotowettbewerb aufgefordert, ein oder zwei Fotos einzureichen und sie gleichzeitig mit einem Titel und einer kurzen Textbeschreibung zu versehen. Dabei kommt es nicht auf fototechnische Perfektion an, sondern in erster Linie um den pers\u00f6nlichen Blickwinkel, die Idee, Gef\u00fchle und Gedanken.<\/p>\n<p>Dieser Fotowettbewerb soll dazu beitragen, Kiel durch den Blickwinkel von M\u00e4dchen zu sehen, auf positive Seiten, ebenso wie auf Schattenseiten aufmerksam zu werden und dadurch langfristig die Lebensqualit\u00e4t f\u00fcr M\u00e4dchen in Kiel zu verbessern. Au\u00dferdem m\u00f6chten wir M\u00e4dchen an die Fotografie als kreatives Ausdrucksmedium heranf\u00fchren.<\/p>\n<p>Aus zirka 30-40 eingereichten Fotos wird eine Ausstellung entstehen und in zwei Altersgruppen werden je 3 Fotos mit tollen von Kieler Unternehmen gesponserten Preisen pr\u00e4miert.<\/p>\n<p>Die genaueren Teilnahmebedingungen und -hinweise f\u00fcr den Fotowettbewerb sind auf der Internetseite des M\u00e4dchenhauses <a href=\"\/\/www.maedchenhaus-kiel.de\/index.php\/fotowettbewerb2013\" target=\"_blank\"><span style=\"text-decoration: underline\">www.maedchenhaus-kiel.de\/fotowettbewerb2013<\/span><\/a> zu finden. Der Einsendschluss ist der 30.4.2013. F\u00fcr die Ausstellungser\u00f6ffnung und Preisverleihung ist der 16.Mai 2013 geplant.<\/p>\n<p>Unser Flyer kann <a href=\"http:\/\/news.eformation.de\/client\/media\/193\/data\/31297.pdf\" target=\"_blank\">hier<\/a> heruntergeladen und gerne weiterverschickt werden.<\/p>\n","protected":false},"excerpt":{"rendered":"<p>Der Alltag f\u00fcr M\u00e4dchen und Frauen in Kiel ist \u00e4hnlich freud- und leidvoll wie das Leben in einer beliebten Vorabendserie. \u201eGute Seiten \u2013 Schlechte Seiten\u201c lautet daher das Thema eines Fotowettbewerbs, den das M\u00e4dchenhaus Kiel vom 01.03. \u2013 30.04.2013 f\u00fcr &hellip; <a href=\"https:\/\/www.verbund-frauenfacheinrichtungen-kiel.de\/?p=324\">Weiterlesen <span class=\"meta-nav\">&rarr;<\/span><\/a><\/p>\n","protected":false},"author":7,"featured_media":0,"comment_status":"closed","ping_status":"closed","sticky":false,"template":"","format":"standard","meta":{"footnotes":""},"categories":[1],"tags":[],"class_list":["post-324","post","type-post","status-publish","format-standard","hentry","category-allgemein"],"_links":{"self":[{"href":"https:\/\/www.verbund-frauenfacheinrichtungen-kiel.de\/index.php?rest_route=\/wp\/v2\/posts\/324","targetHints":{"allow":["GET"]}}],"collection":[{"href":"https:\/\/www.verbund-frauenfacheinrichtungen-kiel.de\/index.php?rest_route=\/wp\/v2\/posts"}],"about":[{"href":"https:\/\/www.verbund-frauenfacheinrichtungen-kiel.de\/index.php?rest_route=\/wp\/v2\/types\/post"}],"author":[{"embeddable":true,"href":"https:\/\/www.verbund-frauenfacheinrichtungen-kiel.de\/index.php?rest_route=\/wp\/v2\/users\/7"}],"replies":[{"embeddable":true,"href":"https:\/\/www.verbund-frauenfacheinrichtungen-kiel.de\/index.php?rest_route=%2Fwp%2Fv2%2Fcomments&post=324"}],"version-history":[{"count":7,"href":"https:\/\/www.verbund-frauenfacheinrichtungen-kiel.de\/index.php?rest_route=\/wp\/v2\/posts\/324\/revisions"}],"predecessor-version":[{"id":333,"href":"https:\/\/www.verbund-frauenfacheinrichtungen-kiel.de\/index.php?rest_route=\/wp\/v2\/posts\/324\/revisions\/333"}],"wp:attachment":[{"href":"https:\/\/www.verbund-frauenfacheinrichtungen-kiel.de\/index.php?rest_route=%2Fwp%2Fv2%2Fmedia&parent=324"}],"wp:term":[{"taxonomy":"category","embeddable":true,"href":"https:\/\/www.verbund-frauenfacheinrichtungen-kiel.de\/index.php?rest_route=%2Fwp%2Fv2%2Fcategories&post=324"},{"taxonomy":"post_tag","embeddable":true,"href":"https:\/\/www.verbund-frauenfacheinrichtungen-kiel.de\/index.php?rest_route=%2Fwp%2Fv2%2Ftags&post=324"}],"curies":[{"name":"wp","href":"https:\/\/api.w.org\/{rel}","templated":true}]}}