{"id":309,"date":"2012-05-02T15:55:07","date_gmt":"2012-05-02T15:55:07","guid":{"rendered":"http:\/\/www.verbund-frauenfacheinrichtungen-kiel.de\/?p=309"},"modified":"2012-05-02T15:55:45","modified_gmt":"2012-05-02T15:55:45","slug":"gesicht-zeigen-frauen-entscheiden-die-wahl-2","status":"publish","type":"post","link":"https:\/\/www.verbund-frauenfacheinrichtungen-kiel.de\/?p=309","title":{"rendered":"Gesicht zeigen &#8211; Frauen entscheiden die Wahl"},"content":{"rendered":"<p><a href=\"https:\/\/www.verbund-frauenfacheinrichtungen-kiel.de\/wp-content\/uploads\/2012\/05\/Fleet_VAST_April2012_3_small1.jpg\"><img loading=\"lazy\" decoding=\"async\" src=\"https:\/\/www.verbund-frauenfacheinrichtungen-kiel.de\/wp-content\/uploads\/2012\/05\/Fleet_VAST_April2012_3_small1.jpg\" alt=\"Podiumsdiskussion im Caf\u00e9 Fleet\" title=\"Fleet_VAST_April2012_3_small\" width=\"400\" height=\"300\" class=\"aligncenter size-full wp-image-310\" srcset=\"https:\/\/www.verbund-frauenfacheinrichtungen-kiel.de\/wp-content\/uploads\/2012\/05\/Fleet_VAST_April2012_3_small1.jpg 400w, https:\/\/www.verbund-frauenfacheinrichtungen-kiel.de\/wp-content\/uploads\/2012\/05\/Fleet_VAST_April2012_3_small1-300x225.jpg 300w\" sizes=\"auto, (max-width: 400px) 100vw, 400px\" \/><\/a><\/p>\n<p>Unter diesem Titel fand am 22. April eine gemeinsame Veranstaltung des Kieler  Verbundes der feministischen M\u00e4dchen- und Frauenfacheinrichtungen und des Frauenb\u00fcndnisses Kiel statt.<\/p>\n<p>In dem mit ca. 100 Besucher_innen gut gef\u00fcllten Caf\u00e9 Fleet standen die Spitzenkandidat_innen f\u00fcr den neu zu w\u00e4hlenden Landtag Rede und Antwort zu unterschiedlichen Fragen der Frauenpolitik. Unter der kurzweiligen Moderation von Ursula Scheele diskutierten Bernd Heinemann (SPD, als Vertreter der kurzfristig verhinderten Serpil Midyatli), Dr. Robert Habeck (B\u00fcndnis90\/Die Gr\u00fcnen), Antje Jansen (Die Linke), Anita Klahn (FDP), Michaela Pries (CDU, als Vertreterin der erkrankten Kristina Herbst), Antje Danker (SSW) und ein Vertreter der Jungen Piraten.<\/p>\n<p>Insbesondere bei den Stellungnahmen zu der Forderung nach R\u00fccknahme der unter der jetzigen Landesregierung beschlossenen K\u00fcrzungen der Frauenh\u00e4user und Frauenberatungsstellen wurde von den Veranstalterinnen sehr genau zugeh\u00f6rt. Es ist zu hoffen, dass eine neue Landesregierung hier im Sinne einer ann\u00e4hernd bedarfsgerechten Versorgung von Frauen in Not aktiv werden wird. <\/p>\n","protected":false},"excerpt":{"rendered":"<p>Unter diesem Titel fand am 22. April eine gemeinsame Veranstaltung des Kieler Verbundes der feministischen M\u00e4dchen- und Frauenfacheinrichtungen und des Frauenb\u00fcndnisses Kiel statt. In dem mit ca. 100 Besucher_innen gut gef\u00fcllten Caf\u00e9 Fleet standen die Spitzenkandidat_innen f\u00fcr den neu zu &hellip; <a href=\"https:\/\/www.verbund-frauenfacheinrichtungen-kiel.de\/?p=309\">Weiterlesen <span class=\"meta-nav\">&rarr;<\/span><\/a><\/p>\n","protected":false},"author":1,"featured_media":0,"comment_status":"closed","ping_status":"closed","sticky":false,"template":"","format":"standard","meta":{"footnotes":""},"categories":[1],"tags":[],"class_list":["post-309","post","type-post","status-publish","format-standard","hentry","category-allgemein"],"_links":{"self":[{"href":"https:\/\/www.verbund-frauenfacheinrichtungen-kiel.de\/index.php?rest_route=\/wp\/v2\/posts\/309","targetHints":{"allow":["GET"]}}],"collection":[{"href":"https:\/\/www.verbund-frauenfacheinrichtungen-kiel.de\/index.php?rest_route=\/wp\/v2\/posts"}],"about":[{"href":"https:\/\/www.verbund-frauenfacheinrichtungen-kiel.de\/index.php?rest_route=\/wp\/v2\/types\/post"}],"author":[{"embeddable":true,"href":"https:\/\/www.verbund-frauenfacheinrichtungen-kiel.de\/index.php?rest_route=\/wp\/v2\/users\/1"}],"replies":[{"embeddable":true,"href":"https:\/\/www.verbund-frauenfacheinrichtungen-kiel.de\/index.php?rest_route=%2Fwp%2Fv2%2Fcomments&post=309"}],"version-history":[{"count":5,"href":"https:\/\/www.verbund-frauenfacheinrichtungen-kiel.de\/index.php?rest_route=\/wp\/v2\/posts\/309\/revisions"}],"predecessor-version":[{"id":315,"href":"https:\/\/www.verbund-frauenfacheinrichtungen-kiel.de\/index.php?rest_route=\/wp\/v2\/posts\/309\/revisions\/315"}],"wp:attachment":[{"href":"https:\/\/www.verbund-frauenfacheinrichtungen-kiel.de\/index.php?rest_route=%2Fwp%2Fv2%2Fmedia&parent=309"}],"wp:term":[{"taxonomy":"category","embeddable":true,"href":"https:\/\/www.verbund-frauenfacheinrichtungen-kiel.de\/index.php?rest_route=%2Fwp%2Fv2%2Fcategories&post=309"},{"taxonomy":"post_tag","embeddable":true,"href":"https:\/\/www.verbund-frauenfacheinrichtungen-kiel.de\/index.php?rest_route=%2Fwp%2Fv2%2Ftags&post=309"}],"curies":[{"name":"wp","href":"https:\/\/api.w.org\/{rel}","templated":true}]}}